{"id":738,"date":"2019-10-25T09:39:19","date_gmt":"2019-10-25T07:39:19","guid":{"rendered":"http:\/\/chronik.pestalozzischule-baiertal.de\/?p=738"},"modified":"2023-12-04T20:22:45","modified_gmt":"2023-12-04T19:22:45","slug":"abriss-der-nebengebaeude","status":"publish","type":"post","link":"https:\/\/chronik.pestalozzischule-baiertal.de\/?p=738","title":{"rendered":"Abriss zweier Nebengeb\u00e4ude 2019"},"content":{"rendered":"<p>In den vergangenen Sommerferien wurden zwei der drei Nebengeb\u00e4ude unserer Pestalozzi-Schule abgebrochen. Das dritte Geb\u00e4ude folgt dann im Sommer 2020.<br \/>\nBeton, Holz, Metall, Glas, D\u00e4mmaterial wurden mit schwerem Ger\u00e4t zerlegt und getrennt entsorgt.<br \/>\nSeit 1999 waren diese Nebengeb\u00e4ude sanierungsbed\u00fcrftig, wurden aber mit <a href=\"https:\/\/chronik.pestalozzischule-baiertal.de\/?p=670\" target=\"_blank\" rel=\"noopener noreferrer\">Auslaufen der Werkrealschule im Sommer 2017<\/a> nicht mehr f\u00fcr den Schulbetrieb ben\u00f6tigt.<br \/>\n(Die Luftaufnamen wurden uns freundlicherweise von <a href=\"https:\/\/www.luftbilder-vom-boden.de\/\" target=\"_blank\" rel=\"noopener noreferrer\">SkyBild Luftaufnahmen<\/a> zur Verf\u00fcgung gestellt, wof\u00fcr wir uns herzlich bedanken.)<\/p>\n\n\t\t<style>\n\t\t\t#gallery-1 {\n\t\t\t\tmargin: auto;\n\t\t\t}\n\t\t\t#gallery-1 .gallery-item {\n\t\t\t\tfloat: left;\n\t\t\t\tmargin-top: 10px;\n\t\t\t\ttext-align: center;\n\t\t\t\twidth: 33%;\n\t\t\t}\n\t\t\t#gallery-1 img {\n\t\t\t\tborder: 2px solid #cfcfcf;\n\t\t\t}\n\t\t\t#gallery-1 .gallery-caption {\n\t\t\t\tmargin-left: 0;\n\t\t\t}\n\t\t\t\/* see gallery_shortcode() in wp-includes\/media.php *\/\n\t\t<\/style>\n\t\t<div id='gallery-1' class='gallery galleryid-738 gallery-columns-3 gallery-size-thumbnail'><dl class='gallery-item'>\n\t\t\t<dt class='gallery-icon landscape'>\n\t\t\t\t<a href='https:\/\/chronik.pestalozzischule-baiertal.de\/?attachment_id=750'><img loading=\"lazy\" decoding=\"async\" width=\"150\" height=\"150\" src=\"https:\/\/chronik.pestalozzischule-baiertal.de\/wp-content\/uploads\/2019\/10\/2019-08-Abriss-01-150x150.jpg\" class=\"attachment-thumbnail size-thumbnail\" alt=\"\" srcset=\"https:\/\/chronik.pestalozzischule-baiertal.de\/wp-content\/uploads\/2019\/10\/2019-08-Abriss-01-150x150.jpg 150w, https:\/\/chronik.pestalozzischule-baiertal.de\/wp-content\/uploads\/2019\/10\/2019-08-Abriss-01-160x160.jpg 160w, https:\/\/chronik.pestalozzischule-baiertal.de\/wp-content\/uploads\/2019\/10\/2019-08-Abriss-01-320x320.jpg 320w\" sizes=\"auto, (max-width: 150px) 100vw, 150px\" \/><\/a>\n\t\t\t<\/dt><\/dl><dl class='gallery-item'>\n\t\t\t<dt class='gallery-icon landscape'>\n\t\t\t\t<a href='https:\/\/chronik.pestalozzischule-baiertal.de\/?attachment_id=751'><img loading=\"lazy\" decoding=\"async\" width=\"150\" height=\"150\" src=\"https:\/\/chronik.pestalozzischule-baiertal.de\/wp-content\/uploads\/2019\/10\/2019-08-Abriss-02-150x150.jpg\" class=\"attachment-thumbnail size-thumbnail\" alt=\"\" srcset=\"https:\/\/chronik.pestalozzischule-baiertal.de\/wp-content\/uploads\/2019\/10\/2019-08-Abriss-02-150x150.jpg 150w, https:\/\/chronik.pestalozzischule-baiertal.de\/wp-content\/uploads\/2019\/10\/2019-08-Abriss-02-160x160.jpg 160w, https:\/\/chronik.pestalozzischule-baiertal.de\/wp-content\/uploads\/2019\/10\/2019-08-Abriss-02-320x320.jpg 320w\" sizes=\"auto, (max-width: 150px) 100vw, 150px\" \/><\/a>\n\t\t\t<\/dt><\/dl><dl class='gallery-item'>\n\t\t\t<dt class='gallery-icon landscape'>\n\t\t\t\t<a href='https:\/\/chronik.pestalozzischule-baiertal.de\/?attachment_id=752'><img loading=\"lazy\" decoding=\"async\" width=\"150\" height=\"150\" src=\"https:\/\/chronik.pestalozzischule-baiertal.de\/wp-content\/uploads\/2019\/10\/2019-08-Abriss-03-150x150.jpg\" class=\"attachment-thumbnail size-thumbnail\" alt=\"\" srcset=\"https:\/\/chronik.pestalozzischule-baiertal.de\/wp-content\/uploads\/2019\/10\/2019-08-Abriss-03-150x150.jpg 150w, https:\/\/chronik.pestalozzischule-baiertal.de\/wp-content\/uploads\/2019\/10\/2019-08-Abriss-03-160x160.jpg 160w, https:\/\/chronik.pestalozzischule-baiertal.de\/wp-content\/uploads\/2019\/10\/2019-08-Abriss-03-320x320.jpg 320w\" sizes=\"auto, (max-width: 150px) 100vw, 150px\" \/><\/a>\n\t\t\t<\/dt><\/dl><br style=\"clear: both\" \/><dl class='gallery-item'>\n\t\t\t<dt class='gallery-icon landscape'>\n\t\t\t\t<a href='https:\/\/chronik.pestalozzischule-baiertal.de\/?attachment_id=753'><img loading=\"lazy\" decoding=\"async\" width=\"150\" height=\"150\" src=\"https:\/\/chronik.pestalozzischule-baiertal.de\/wp-content\/uploads\/2019\/10\/2019-08-Abriss-04-150x150.jpg\" class=\"attachment-thumbnail size-thumbnail\" alt=\"\" srcset=\"https:\/\/chronik.pestalozzischule-baiertal.de\/wp-content\/uploads\/2019\/10\/2019-08-Abriss-04-150x150.jpg 150w, https:\/\/chronik.pestalozzischule-baiertal.de\/wp-content\/uploads\/2019\/10\/2019-08-Abriss-04-160x160.jpg 160w, https:\/\/chronik.pestalozzischule-baiertal.de\/wp-content\/uploads\/2019\/10\/2019-08-Abriss-04-320x320.jpg 320w\" sizes=\"auto, (max-width: 150px) 100vw, 150px\" \/><\/a>\n\t\t\t<\/dt><\/dl><dl class='gallery-item'>\n\t\t\t<dt class='gallery-icon landscape'>\n\t\t\t\t<a href='https:\/\/chronik.pestalozzischule-baiertal.de\/?attachment_id=754'><img loading=\"lazy\" decoding=\"async\" width=\"150\" height=\"150\" src=\"https:\/\/chronik.pestalozzischule-baiertal.de\/wp-content\/uploads\/2019\/10\/2019-08-Abriss-05-150x150.jpg\" class=\"attachment-thumbnail size-thumbnail\" alt=\"\" srcset=\"https:\/\/chronik.pestalozzischule-baiertal.de\/wp-content\/uploads\/2019\/10\/2019-08-Abriss-05-150x150.jpg 150w, https:\/\/chronik.pestalozzischule-baiertal.de\/wp-content\/uploads\/2019\/10\/2019-08-Abriss-05-160x160.jpg 160w, https:\/\/chronik.pestalozzischule-baiertal.de\/wp-content\/uploads\/2019\/10\/2019-08-Abriss-05-320x320.jpg 320w\" sizes=\"auto, (max-width: 150px) 100vw, 150px\" \/><\/a>\n\t\t\t<\/dt><\/dl><dl class='gallery-item'>\n\t\t\t<dt class='gallery-icon landscape'>\n\t\t\t\t<a href='https:\/\/chronik.pestalozzischule-baiertal.de\/?attachment_id=755'><img loading=\"lazy\" decoding=\"async\" width=\"150\" height=\"150\" src=\"https:\/\/chronik.pestalozzischule-baiertal.de\/wp-content\/uploads\/2019\/10\/2019-08-Abriss-06-150x150.jpg\" class=\"attachment-thumbnail size-thumbnail\" alt=\"\" srcset=\"https:\/\/chronik.pestalozzischule-baiertal.de\/wp-content\/uploads\/2019\/10\/2019-08-Abriss-06-150x150.jpg 150w, https:\/\/chronik.pestalozzischule-baiertal.de\/wp-content\/uploads\/2019\/10\/2019-08-Abriss-06-160x160.jpg 160w, https:\/\/chronik.pestalozzischule-baiertal.de\/wp-content\/uploads\/2019\/10\/2019-08-Abriss-06-320x320.jpg 320w\" sizes=\"auto, (max-width: 150px) 100vw, 150px\" \/><\/a>\n\t\t\t<\/dt><\/dl><br style=\"clear: both\" \/><dl class='gallery-item'>\n\t\t\t<dt class='gallery-icon landscape'>\n\t\t\t\t<a href='https:\/\/chronik.pestalozzischule-baiertal.de\/?attachment_id=747'><img loading=\"lazy\" decoding=\"async\" width=\"150\" height=\"150\" src=\"https:\/\/chronik.pestalozzischule-baiertal.de\/wp-content\/uploads\/2019\/10\/Schulgelaende-2019-09-20-02-150x150.jpg\" class=\"attachment-thumbnail size-thumbnail\" alt=\"\" srcset=\"https:\/\/chronik.pestalozzischule-baiertal.de\/wp-content\/uploads\/2019\/10\/Schulgelaende-2019-09-20-02-150x150.jpg 150w, https:\/\/chronik.pestalozzischule-baiertal.de\/wp-content\/uploads\/2019\/10\/Schulgelaende-2019-09-20-02-160x160.jpg 160w, https:\/\/chronik.pestalozzischule-baiertal.de\/wp-content\/uploads\/2019\/10\/Schulgelaende-2019-09-20-02-320x320.jpg 320w\" sizes=\"auto, (max-width: 150px) 100vw, 150px\" \/><\/a>\n\t\t\t<\/dt><\/dl><dl class='gallery-item'>\n\t\t\t<dt class='gallery-icon landscape'>\n\t\t\t\t<a href='https:\/\/chronik.pestalozzischule-baiertal.de\/?attachment_id=746'><img loading=\"lazy\" decoding=\"async\" width=\"150\" height=\"150\" src=\"https:\/\/chronik.pestalozzischule-baiertal.de\/wp-content\/uploads\/2019\/10\/Schulgelaende-2019-09-20-01-150x150.jpg\" class=\"attachment-thumbnail size-thumbnail\" alt=\"\" srcset=\"https:\/\/chronik.pestalozzischule-baiertal.de\/wp-content\/uploads\/2019\/10\/Schulgelaende-2019-09-20-01-150x150.jpg 150w, https:\/\/chronik.pestalozzischule-baiertal.de\/wp-content\/uploads\/2019\/10\/Schulgelaende-2019-09-20-01-160x160.jpg 160w, https:\/\/chronik.pestalozzischule-baiertal.de\/wp-content\/uploads\/2019\/10\/Schulgelaende-2019-09-20-01-320x320.jpg 320w\" sizes=\"auto, (max-width: 150px) 100vw, 150px\" \/><\/a>\n\t\t\t<\/dt><\/dl>\n\t\t\t<br style='clear: both' \/>\n\t\t<\/div>\n\n","protected":false},"excerpt":{"rendered":"<p>In den vergangenen Sommerferien wurden zwei der drei Nebengeb\u00e4ude unserer Pestalozzi-Schule abgebrochen. Das dritte Geb\u00e4ude folgt dann im Sommer 2020. Beton, Holz, Metall, Glas, D\u00e4mmaterial wurden mit schwerem Ger\u00e4t zerlegt und getrennt entsorgt. Seit&#46;&#46;&#46;<\/p>\n","protected":false},"author":1,"featured_media":747,"comment_status":"closed","ping_status":"closed","sticky":false,"template":"","format":"gallery","meta":{"footnotes":""},"categories":[2],"tags":[],"class_list":["post-738","post","type-post","status-publish","format-gallery","has-post-thumbnail","hentry","category-meilensteine","post_format-post-format-gallery"],"_links":{"self":[{"href":"https:\/\/chronik.pestalozzischule-baiertal.de\/index.php?rest_route=\/wp\/v2\/posts\/738","targetHints":{"allow":["GET"]}}],"collection":[{"href":"https:\/\/chronik.pestalozzischule-baiertal.de\/index.php?rest_route=\/wp\/v2\/posts"}],"about":[{"href":"https:\/\/chronik.pestalozzischule-baiertal.de\/index.php?rest_route=\/wp\/v2\/types\/post"}],"author":[{"embeddable":true,"href":"https:\/\/chronik.pestalozzischule-baiertal.de\/index.php?rest_route=\/wp\/v2\/users\/1"}],"replies":[{"embeddable":true,"href":"https:\/\/chronik.pestalozzischule-baiertal.de\/index.php?rest_route=%2Fwp%2Fv2%2Fcomments&post=738"}],"version-history":[{"count":19,"href":"https:\/\/chronik.pestalozzischule-baiertal.de\/index.php?rest_route=\/wp\/v2\/posts\/738\/revisions"}],"predecessor-version":[{"id":846,"href":"https:\/\/chronik.pestalozzischule-baiertal.de\/index.php?rest_route=\/wp\/v2\/posts\/738\/revisions\/846"}],"wp:featuredmedia":[{"embeddable":true,"href":"https:\/\/chronik.pestalozzischule-baiertal.de\/index.php?rest_route=\/wp\/v2\/media\/747"}],"wp:attachment":[{"href":"https:\/\/chronik.pestalozzischule-baiertal.de\/index.php?rest_route=%2Fwp%2Fv2%2Fmedia&parent=738"}],"wp:term":[{"taxonomy":"category","embeddable":true,"href":"https:\/\/chronik.pestalozzischule-baiertal.de\/index.php?rest_route=%2Fwp%2Fv2%2Fcategories&post=738"},{"taxonomy":"post_tag","embeddable":true,"href":"https:\/\/chronik.pestalozzischule-baiertal.de\/index.php?rest_route=%2Fwp%2Fv2%2Ftags&post=738"}],"curies":[{"name":"wp","href":"https:\/\/api.w.org\/{rel}","templated":true}]}}